{"id":276,"date":"2018-11-29T18:59:53","date_gmt":"2018-11-29T20:59:53","guid":{"rendered":"https:\/\/www.parcocontabilidade.com.br\/br\/?p=276"},"modified":"2018-12-04T19:04:14","modified_gmt":"2018-12-04T21:04:14","slug":"empresas-tem-ate-amanha-para-pagar-1a-parcela-do-13o","status":"publish","type":"post","link":"https:\/\/www.parcocontabilidade.com.br\/br\/empresas-tem-ate-amanha-para-pagar-1a-parcela-do-13o\/","title":{"rendered":"Empresas t\u00eam at\u00e9 amanh\u00e3 para pagar 1\u00aa parcela do 13\u00ba"},"content":{"rendered":"<p>Quem trabalha com carteira assinada deve receber a primeira parcela do 13\u00ba sal\u00e1rio at\u00e9 esta sexta-feira (30). O valor n\u00e3o tem desconto de IR (Imposto de Renda) &#8211; ele acontece apenas na segunda parcela, paga at\u00e9 20 de dezembro.<\/p>\n<p>O 13\u00ba sal\u00e1rio \u00e9 um direito garantido a todos que trabalharam por pelo\u00a0menos\u00a015 dias com a carteira assinada ao\u00a0longo do ano. Aposentados, pensionistas e servidores p\u00fablicos tamb\u00e9m recebem o benef\u00edcio, mas o pagamento segue outro calend\u00e1rio.<\/p>\n<h3>1. Quem tem direito?<\/h3>\n<p>T\u00eam direito\u00a0todos que trabalharam ao menos 15 dias do ano com carteira assinada e que n\u00e3o tenham sido demitidos por justa causa, sim, quem \u00e9 dispensado por culpa pr\u00f3pria perde o direito ao sal\u00e1rio extra referente ao ano da demiss\u00e3o.<\/p>\n<p>Aposentados e pensionistas do INSS (Instituto Nacional do Seguro Social), servidores p\u00fablicos e trabalhadores dom\u00e9sticos tamb\u00e9m recebem o benef\u00edcio.<\/p>\n<h3>2. Quando \u00e9 o pagamento?<\/h3>\n<p>Para quem \u00e9 registrado pela CLT (Consolida\u00e7\u00e3o das Leis do Trabalho), o 13\u00ba deve ser pago em duas parcelas: a primeira at\u00e9 30 de novembro, e a segunda, at\u00e9 20 de dezembro.<\/p>\n<p>As datas s\u00e3o diferentes para aposentados e pensionistas do INSS. Neste ano, eles\u00a0receberam a <strong>primeira parcela com o benef\u00edcio de agosto<\/strong>, e a segunda come\u00e7ou ser paga nesta segunda-feira (26), <strong>com o benef\u00edcio de novembro<\/strong>.<\/p>\n<p>Os servidores p\u00fablicos tamb\u00e9m t\u00eam um calend\u00e1rio pr\u00f3prio, definido pela entidade \u00e0 qual respondem (Uni\u00e3o, governo do estado ou do munic\u00edpio, por exemplo).<\/p>\n<h3>3. Quanto posso receber?<\/h3>\n<p>O valor do 13\u00ba sal\u00e1rio depende do per\u00edodo trabalhado. Para quem trabalhou o ano inteiro, o valor \u00e9 igual ao de um sal\u00e1rio integral. Se n\u00e3o trabalhou o ano todo, \u00e9 preciso fazer um c\u00e1lculo proporcional: cada m\u00eas trabalhado em 2018 d\u00e1 direito a 1\/12 do sal\u00e1rio integral.<\/p>\n<p>Por exemplo: se o funcion\u00e1rio tem sal\u00e1rio de R$ 1.200, cada m\u00eas trabalhado lhe d\u00e1 direito a 1\/12 disso, ou R$ 100. Se trabalhou os 12 meses do ano, recebe R$ 1.200 de 13\u00ba sal\u00e1rio. Se trabalhou tr\u00eas meses, recebe 3 x R$ 100 (R$ 300), e assim por diante.<\/p>\n<p>Para que o m\u00eas entre na conta, \u00e9 necess\u00e1rio ter trabalhado ao menos 15 dias dele.<\/p>\n<p>Como as empresa s\u00f3 t\u00eam de depositar a primeira parcela agora, o valor recebido deve ser metade (50%) do que se tem direito. Usando o mesmo exemplo acima, o trabalhador que tem direito a R$ 1.200 de 13\u00ba sal\u00e1rio recebe R$ 600 na primeira parte.<\/p>\n<h3>4. Tem desconto?<\/h3>\n<p>N\u00e3o h\u00e1 descontos na primeira parcela do benef\u00edcio pago aos trabalhadores. No entanto, na segunda parcela h\u00e1 incid\u00eancia de IR e contribui\u00e7\u00e3o previdenci\u00e1ria ao INSS.<\/p>\n<h3>5. D\u00e1 para pedir adiantamento?<\/h3>\n<p>Sim. O trabalhador pode pedir para receber antes a primeira parcela do 13\u00ba, e ela ser\u00e1 paga junto com as f\u00e9rias. O pedido deve ser feito em janeiro. Se o trabalhador pedir depois, a empresa pode decidir se antecipa ou n\u00e3o.<\/p>\n<p>Quem recebeu o adiantamento do 13\u00ba este ano quando tirou f\u00e9rias n\u00e3o recebe nada agora. A segunda parcela \u00e9 paga em dezembro.<\/p>\n<h3>6. Como \u00e9 o pagamento de quem ganha comiss\u00e3o ou gorjetas?<\/h3>\n<p>O 13\u00ba deve acompanhar a remunera\u00e7\u00e3o total do trabalhador, e o sal\u00e1rio (aquele fixo registrado no contrato e na carteira) \u00e9 s\u00f3 uma parte disso. A regra \u00e9 contabilizar tudo o que o funcion\u00e1rio recebe habitualmente, e \u00e9 a\u00ed que entram as remunera\u00e7\u00f5es vari\u00e1veis, como as comiss\u00f5es e gorjetas.<\/p>\n<p>Nesse caso, o valor do\u00a013\u00ba deve seguir a m\u00e9dia do que foi recebido ao longo do ano, considerando tanto a parte fixa (sal\u00e1rio) quanto as\u00a0vari\u00e1veis (comiss\u00f5es e gorjetas).<\/p>\n<h3>7. Horas extras e adicional noturno contam?<\/h3>\n<p>Sim, ambos s\u00e3o considerados remunera\u00e7\u00f5es vari\u00e1veis e, caso aconte\u00e7am com frequ\u00eancia, e n\u00e3o apenas em um ou outro m\u00eas, devem tamb\u00e9m entrar no c\u00e1lculo. A conta \u00e9 feita da mesma maneira que para comiss\u00f5es e gorjetas, ou seja, considerando a m\u00e9dia recebida ao longo dos meses.<\/p>\n<h3>8. O que acontece com o 13\u00ba de quem foi demitido?<\/h3>\n<p>Tanto quem \u00e9 demitido sem justa causa quanto quem pede demiss\u00e3o tem direito ao pagamento do 13\u00ba. O valor deve ser pago junto com as demais verbas rescis\u00f3rias, no momento do desligamento, e ser\u00e1 proporcional ao per\u00edodo trabalhado no ano at\u00e9 ali.<\/p>\n<p>Quem \u00e9 demitido por justa causa perde o direito ao 13\u00ba sal\u00e1rio daquele ano.<\/p>\n<h3>9. A reforma trabalhista mexeu nesse direito?<\/h3>\n<p>N\u00e3o. O valor do 13\u00ba \u00e9 um dos pontos\u00a0<strong>que n\u00e3o podem ser alterados<\/strong>. Outros benef\u00edcios, que antes eram fixados pela lei, podem ser\u00a0<strong>negociados diretamente entre empresa e sindicatos, <\/strong>caso da dura\u00e7\u00e3o da hora de almo\u00e7o e parcelamento das f\u00e9rias, por exemplo.<\/p>\n<p>H\u00e1 ainda uma discuss\u00e3o se o pagamento do 13\u00ba pode ser feito em mais parcelas ao longo do ano, mas ainda \u00e9 uma\u00a0quest\u00e3o pouco clara na nova lei e sem casos ou decis\u00f5es judiciais que sirvam de refer\u00eancia. Por isso, \u00e9 uma op\u00e7\u00e3o que as empresas n\u00e3o t\u00eam discutido.<\/p>\n<h3>10.\u00a0Quem trabalha sem hor\u00e1rio fixo tamb\u00e9m recebe?<\/h3>\n<p>A reforma trabalhista criou o chamado trabalho intermitente, quando o empregado tem registro em carteira, mas n\u00e3o tem uma jornada fixa. Esse trabalhador pode ser chamado para trabalhar ou n\u00e3o e ganha pelas horas trabalhadas. Ele pode trabalhar para outras empresas tamb\u00e9m.<\/p>\n<p>Esse tipo de contrato tamb\u00e9m d\u00e1 direito a benef\u00edcios como o 13\u00ba sal\u00e1rio e o adicional de f\u00e9rias. A diferen\u00e7a \u00e9 que o trabalhador recebe sua remunera\u00e7\u00e3o ao final de cada per\u00edodo de servi\u00e7o prestado (que pode ser um ver\u00e3o em uma pousada ou um final de semana em um restaurante). Nesses casos, o pagamento do 13\u00ba deve vir junto com a remunera\u00e7\u00e3o, proporcional \u00e0s horas trabalhadas naquele per\u00edodo.<\/p>\n<h3>11. E os estagi\u00e1rios?<\/h3>\n<p>Os estagi\u00e1rios n\u00e3o recebem 13\u00ba, j\u00e1 que a contrata\u00e7\u00e3o deles possui um regime de regras pr\u00f3prio e n\u00e3o tem registro em carteira.<\/p>\n<h3>12. Quem tirou licen\u00e7a perde o direito?<\/h3>\n<p>N\u00e3o. As mulheres que tiraram ou est\u00e3o de licen\u00e7a-maternidade recebem\u00a0o 13\u00ba da mesma forma que os demais trabalhadores &#8211;o per\u00edodo afastada entra para a conta como meses de colabora\u00e7\u00e3o normais e ser\u00e3o pagos pela empresa da mesma maneira ao final do ano.<\/p>\n<p>Quem se afastou por licen\u00e7a m\u00e9dica tamb\u00e9m tem o direito garantido, mas o pagamento pode ser alterado. Se o afastamento for de, no m\u00e1ximo,\u00a015 dias, a empresa deve pagar pelo per\u00edodo normalmente. Se for afastado por mais de 15 dias, o trabalhador passa para a guarda do INSS, que fica respons\u00e1vel pelo pagamento do 13\u00ba proporcional ao per\u00edodo de afastamento.<\/p>\n","protected":false},"excerpt":{"rendered":"<p>Quem trabalha com carteira assinada deve receber a primeira parcela do 13\u00ba sal\u00e1rio at\u00e9 esta sexta-feira (30). O valor n\u00e3o tem desconto de IR (Imposto de<span class=\"excerpt-hellip\"> [\u2026]<\/span><\/p>\n","protected":false},"author":1,"featured_media":277,"comment_status":"closed","ping_status":"closed","sticky":false,"template":"","format":"standard","meta":[],"categories":[1],"tags":[],"_links":{"self":[{"href":"https:\/\/www.parcocontabilidade.com.br\/br\/wp-json\/wp\/v2\/posts\/276"}],"collection":[{"href":"https:\/\/www.parcocontabilidade.com.br\/br\/wp-json\/wp\/v2\/posts"}],"about":[{"href":"https:\/\/www.parcocontabilidade.com.br\/br\/wp-json\/wp\/v2\/types\/post"}],"author":[{"embeddable":true,"href":"https:\/\/www.parcocontabilidade.com.br\/br\/wp-json\/wp\/v2\/users\/1"}],"replies":[{"embeddable":true,"href":"https:\/\/www.parcocontabilidade.com.br\/br\/wp-json\/wp\/v2\/comments?post=276"}],"version-history":[{"count":1,"href":"https:\/\/www.parcocontabilidade.com.br\/br\/wp-json\/wp\/v2\/posts\/276\/revisions"}],"predecessor-version":[{"id":278,"href":"https:\/\/www.parcocontabilidade.com.br\/br\/wp-json\/wp\/v2\/posts\/276\/revisions\/278"}],"wp:featuredmedia":[{"embeddable":true,"href":"https:\/\/www.parcocontabilidade.com.br\/br\/wp-json\/wp\/v2\/media\/277"}],"wp:attachment":[{"href":"https:\/\/www.parcocontabilidade.com.br\/br\/wp-json\/wp\/v2\/media?parent=276"}],"wp:term":[{"taxonomy":"category","embeddable":true,"href":"https:\/\/www.parcocontabilidade.com.br\/br\/wp-json\/wp\/v2\/categories?post=276"},{"taxonomy":"post_tag","embeddable":true,"href":"https:\/\/www.parcocontabilidade.com.br\/br\/wp-json\/wp\/v2\/tags?post=276"}],"curies":[{"name":"wp","href":"https:\/\/api.w.org\/{rel}","templated":true}]}}