{"id":279,"date":"2019-05-07T17:43:34","date_gmt":"2019-05-07T20:43:34","guid":{"rendered":"https:\/\/www.parcocontabilidade.com.br\/br\/?p=279"},"modified":"2019-05-07T17:43:34","modified_gmt":"2019-05-07T20:43:34","slug":"fique-atento-a-entrega-da-dctfweb","status":"publish","type":"post","link":"https:\/\/www.parcocontabilidade.com.br\/br\/fique-atento-a-entrega-da-dctfweb\/","title":{"rendered":"Fique atento \u00e0 entrega da DCTFWeb"},"content":{"rendered":"<p><img loading=\"lazy\" class=\"alignnone size-medium wp-image-284\" src=\"https:\/\/www.parcocontabilidade.com.br\/br\/wp-content\/uploads\/2019\/05\/dctfweb-1-300x169.jpg\" alt=\"\" width=\"300\" height=\"169\" srcset=\"https:\/\/www.parcocontabilidade.com.br\/br\/wp-content\/uploads\/2019\/05\/dctfweb-1-300x169.jpg 300w, https:\/\/www.parcocontabilidade.com.br\/br\/wp-content\/uploads\/2019\/05\/dctfweb-1-260x146.jpg 260w, https:\/\/www.parcocontabilidade.com.br\/br\/wp-content\/uploads\/2019\/05\/dctfweb-1-50x28.jpg 50w, https:\/\/www.parcocontabilidade.com.br\/br\/wp-content\/uploads\/2019\/05\/dctfweb-1-133x75.jpg 133w, https:\/\/www.parcocontabilidade.com.br\/br\/wp-content\/uploads\/2019\/05\/dctfweb-1.jpg 320w\" sizes=\"(max-width: 300px) 100vw, 300px\" \/><\/p>\n<p>Ap\u00f3s a conclus\u00e3o das 3 fases de envio dos eventos do eSocial, as empresas devem se preparar para transmitir a DCTFWeb at\u00e9 o dia 15 do m\u00eas seguinte ao da ocorr\u00eancia dos fatos geradores. Ap\u00f3s a transmiss\u00e3o da DCTFWeb, que substituir\u00e1 a Gfip, ser\u00e1 gerado o Darf, que passar\u00e1 a ser utilizado no recolhimento das contribui\u00e7\u00f5es sociais previdenci\u00e1rias, em substitui\u00e7\u00e3o \u00e0 GPS.<br \/>\nN\u00e3o seja penalizado pelo eventual descumprimento do prazo de<br \/>\nentrega da DCTFWeb!<\/p>\n<p>Confira o cronograma de transmiss\u00e3o da DCTFWeb:<br \/>\n1\u00ba Grupo (Entidades Empresariais com faturamento, no ano-calend\u00e1rio de 2016, acima de R$ 78 milh\u00f5es) \u2013 j\u00e1 iniciou o processo de migra\u00e7\u00e3o para o novo sistema em rela\u00e7\u00e3o aos fatos geradores ocorridos desde agosto\/2018<br \/>\n2\u00ba Grupo (Entidades Empresariais com faturamento, no ano-calend\u00e1rio de 2017, acima de R$ 4,8 milh\u00f5es) \u2013 em rela\u00e7\u00e3o aos fatos geradores ocorridos a partir de abril\/2019<br \/>\n3\u00ba Grupo (Demais Entidades Empresariais com faturamento, no ano-calend\u00e1rio de 2017, at\u00e9 R$ 4,8 milh\u00f5es, Empregadores Pessoa F\u00edsica (exceto dom\u00e9stico), Produtores Rurais Pessoa F\u00edsica e Entidades Sem Fins Lucrativos) \u2013 em rela\u00e7\u00e3o aos fatos geradores ocorridos a partir de outubro\/2019<br \/>\n4\u00ba Grupo (Entes P\u00fablicos, Organiza\u00e7\u00f5es Internacionais e Outras Institui\u00e7\u00f5es Extraterritoriais) \u2013 a entrega ser\u00e1 estabelecida em norma espec\u00edfica<\/p>\n","protected":false},"excerpt":{"rendered":"<p>Ap\u00f3s a conclus\u00e3o das 3 fases de envio dos eventos do eSocial, as empresas devem se preparar para transmitir a DCTFWeb at\u00e9 o dia 15 do<span class=\"excerpt-hellip\"> [\u2026]<\/span><\/p>\n","protected":false},"author":1,"featured_media":0,"comment_status":"closed","ping_status":"closed","sticky":false,"template":"","format":"standard","meta":[],"categories":[1],"tags":[],"_links":{"self":[{"href":"https:\/\/www.parcocontabilidade.com.br\/br\/wp-json\/wp\/v2\/posts\/279"}],"collection":[{"href":"https:\/\/www.parcocontabilidade.com.br\/br\/wp-json\/wp\/v2\/posts"}],"about":[{"href":"https:\/\/www.parcocontabilidade.com.br\/br\/wp-json\/wp\/v2\/types\/post"}],"author":[{"embeddable":true,"href":"https:\/\/www.parcocontabilidade.com.br\/br\/wp-json\/wp\/v2\/users\/1"}],"replies":[{"embeddable":true,"href":"https:\/\/www.parcocontabilidade.com.br\/br\/wp-json\/wp\/v2\/comments?post=279"}],"version-history":[{"count":3,"href":"https:\/\/www.parcocontabilidade.com.br\/br\/wp-json\/wp\/v2\/posts\/279\/revisions"}],"predecessor-version":[{"id":285,"href":"https:\/\/www.parcocontabilidade.com.br\/br\/wp-json\/wp\/v2\/posts\/279\/revisions\/285"}],"wp:attachment":[{"href":"https:\/\/www.parcocontabilidade.com.br\/br\/wp-json\/wp\/v2\/media?parent=279"}],"wp:term":[{"taxonomy":"category","embeddable":true,"href":"https:\/\/www.parcocontabilidade.com.br\/br\/wp-json\/wp\/v2\/categories?post=279"},{"taxonomy":"post_tag","embeddable":true,"href":"https:\/\/www.parcocontabilidade.com.br\/br\/wp-json\/wp\/v2\/tags?post=279"}],"curies":[{"name":"wp","href":"https:\/\/api.w.org\/{rel}","templated":true}]}}